{"id":766,"date":"2017-07-21T08:28:50","date_gmt":"2017-07-21T06:28:50","guid":{"rendered":"http:\/\/www.helixcv.com\/?p=766"},"modified":"2019-01-21T10:11:58","modified_gmt":"2019-01-21T09:11:58","slug":"la-federacion","status":"publish","type":"post","link":"http:\/\/www.helixcv.com\/index.php\/2017\/07\/21\/la-federacion\/","title":{"rendered":"LA FEDERACI\u00d3N"},"content":{"rendered":"<h3><img data-attachment-id=\"554\" data-permalink=\"http:\/\/www.helixcv.com\/index.php\/acerca-de\/la-federacion\/\" data-orig-file=\"https:\/\/i2.wp.com\/www.helixcv.com\/wp-content\/uploads\/2017\/07\/LA-FEDERACION-1.png?fit=980%2C200\" data-orig-size=\"980,200\" data-comments-opened=\"0\" data-image-meta=\"{&quot;aperture&quot;:&quot;0&quot;,&quot;credit&quot;:&quot;&quot;,&quot;camera&quot;:&quot;&quot;,&quot;caption&quot;:&quot;&quot;,&quot;created_timestamp&quot;:&quot;0&quot;,&quot;copyright&quot;:&quot;&quot;,&quot;focal_length&quot;:&quot;0&quot;,&quot;iso&quot;:&quot;0&quot;,&quot;shutter_speed&quot;:&quot;0&quot;,&quot;title&quot;:&quot;&quot;,&quot;orientation&quot;:&quot;0&quot;}\" data-image-title=\"LA FEDERACION\" data-image-description=\"\" data-medium-file=\"https:\/\/i2.wp.com\/www.helixcv.com\/wp-content\/uploads\/2017\/07\/LA-FEDERACION-1.png?fit=300%2C61\" data-large-file=\"https:\/\/i2.wp.com\/www.helixcv.com\/wp-content\/uploads\/2017\/07\/LA-FEDERACION-1.png?fit=720%2C147\" decoding=\"async\" loading=\"lazy\" class=\"size-full wp-image-554 aligncenter\" src=\"https:\/\/i2.wp.com\/www.helixcv.com\/wp-content\/uploads\/2017\/07\/LA-FEDERACION-1.png?resize=720%2C147\" alt=\"\" width=\"720\" height=\"147\" srcset=\"https:\/\/i2.wp.com\/www.helixcv.com\/wp-content\/uploads\/2017\/07\/LA-FEDERACION-1.png?w=980 980w, https:\/\/i2.wp.com\/www.helixcv.com\/wp-content\/uploads\/2017\/07\/LA-FEDERACION-1.png?resize=300%2C61 300w, https:\/\/i2.wp.com\/www.helixcv.com\/wp-content\/uploads\/2017\/07\/LA-FEDERACION-1.png?resize=768%2C157 768w, https:\/\/i2.wp.com\/www.helixcv.com\/wp-content\/uploads\/2017\/07\/LA-FEDERACION-1.png?resize=720%2C147 720w\" sizes=\"(max-width: 720px) 100vw, 720px\" data-recalc-dims=\"1\" \/><\/h3>\n<h3><strong>Helix es la Federaci\u00f3n de Asociaciones por la Integraci\u00f3n de las Personas Sordas Oralistas en la Comunidad Valenciana. Fundada en 1996, con el objetivo de apoyar, orientar y ayudar a las personas sordas o con distintos grados de discapacidad auditiva, desde la detecci\u00f3n temprana hasta el asesoramiento a trav\u00e9s de los profesionales que integran las asociaciones federadas de Castell\u00f3n (<a href=\"https:\/\/sites.google.com\/site\/aspascastellonweb\/centro-de-atencion-temprana\">Aspas Castell\u00f3n<\/a>), Valencia (<a href=\"http:\/\/aspasvalencia.com\/\">Aspas Valencia<\/a>, Bonaventura)&nbsp; y Alicante (<a href=\"https:\/\/www.apanah.com\/\">Apanah<\/a> Elda, <a href=\"https:\/\/www.facebook.com\/apanasaspe\/\">Apanas<\/a> Aspe). En Helix trabajamos por los derechos de las personas sordas y por su plena inclusi\u00f3n en el \u00e1mbito social, educativo, laboral y cultural.<\/strong><\/h3>\n\n\n<p><\/p>\n","protected":false},"excerpt":{"rendered":"<p>Helix es la Federaci\u00f3n de Asociaciones por la Integraci\u00f3n de las Personas Sordas Oralistas en la Comunidad Valenciana. Fundada en 1996, con el objetivo de apoyar, orientar y ayudar a las personas sordas o con distintos grados de discapacidad auditiva, desde la detecci\u00f3n temprana hasta el asesoramiento a trav\u00e9s de los profesionales que integran las [&hellip;]<\/p>\n","protected":false},"author":1,"featured_media":0,"comment_status":"closed","ping_status":"closed","sticky":false,"template":"","format":"standard","meta":{"spay_email":"","jetpack_publicize_message":""},"categories":[13],"tags":[],"jetpack_featured_media_url":"","jetpack_publicize_connections":[],"jetpack_sharing_enabled":true,"jetpack_shortlink":"https:\/\/wp.me\/paAiqS-cm","_links":{"self":[{"href":"http:\/\/www.helixcv.com\/index.php\/wp-json\/wp\/v2\/posts\/766"}],"collection":[{"href":"http:\/\/www.helixcv.com\/index.php\/wp-json\/wp\/v2\/posts"}],"about":[{"href":"http:\/\/www.helixcv.com\/index.php\/wp-json\/wp\/v2\/types\/post"}],"author":[{"embeddable":true,"href":"http:\/\/www.helixcv.com\/index.php\/wp-json\/wp\/v2\/users\/1"}],"replies":[{"embeddable":true,"href":"http:\/\/www.helixcv.com\/index.php\/wp-json\/wp\/v2\/comments?post=766"}],"version-history":[{"count":6,"href":"http:\/\/www.helixcv.com\/index.php\/wp-json\/wp\/v2\/posts\/766\/revisions"}],"predecessor-version":[{"id":1659,"href":"http:\/\/www.helixcv.com\/index.php\/wp-json\/wp\/v2\/posts\/766\/revisions\/1659"}],"wp:attachment":[{"href":"http:\/\/www.helixcv.com\/index.php\/wp-json\/wp\/v2\/media?parent=766"}],"wp:term":[{"taxonomy":"category","embeddable":true,"href":"http:\/\/www.helixcv.com\/index.php\/wp-json\/wp\/v2\/categories?post=766"},{"taxonomy":"post_tag","embeddable":true,"href":"http:\/\/www.helixcv.com\/index.php\/wp-json\/wp\/v2\/tags?post=766"}],"curies":[{"name":"wp","href":"https:\/\/api.w.org\/{rel}","templated":true}]}}